{"id":10324,"date":"2017-08-05T16:27:16","date_gmt":"2017-08-05T16:27:16","guid":{"rendered":"http:\/\/www.giocoscuola.it\/giornalino\/?p=10324"},"modified":"2017-08-25T12:57:29","modified_gmt":"2017-08-25T12:57:29","slug":"vacanze-di-luglio-2","status":"publish","type":"post","link":"https:\/\/www.giocoscuola.it\/giornalino\/archives\/10324","title":{"rendered":"Vacanze di Luglio"},"content":{"rendered":"<p>\n\tCaro diario&#8230;\n<\/p>\n<p>\n\tPurtroppo non sono riuscita a scrivere delle vacanze di Luglio entro fine mese, perch\u00e9 ero in vacanza. Perci\u00f2 ti racconter\u00f2 ora.\n<\/p>\n<p>\n\tSono andata in vacanza due settimane senza genitori, con animatori e altri ragazzi, in Emilia Romagna, a San Piero in Bagno. La giornata della colonia che mi \u00e8 piaciuta di pi\u00f9 \u00e8 stata l&#8217;uscita al mare. La mattina abbiamo fatto equitazione e i laboratori (io ho fatto danza). Abbiamo pranzato prima del solito e ci hanno consegnato i cellulari per fare una breve chiamate per poi prendere l&#8217;autobus per andare a Misano.&nbsp;\n<\/p>\n<p>\n\tArrivati in spiaggia ci siamo messe subito la crema e ci siamo tuffati in acqua. Ci siamo schizzati a vicenda e io insieme a 5 mie amiche e ad un animatore siamo andate un po&#8217; a largo.&nbsp;\n<\/p>\n<p>\n\tDopo il bagno abbiamo mangiato il gelato, giocato, cenato e infine siamo tornati in fattoria.&nbsp;\n<\/p>\n<p>\n\tMi sono divertita un sacco, soprattutto perch\u00e9 ero con le amiche con cui ho legato tantissimo.\n<\/p>\n<p>\n\tLa vacanza \u00e8 stata molto bella. Un&#8217;altra cosa che mi \u00e8 piaciuta \u00e8 stata dare soprannomi ai maschi. Dato che quando abbiamo del tempo libero parliamo dei panda perch\u00e9 loro non capiscano di chi stiamo parlando abbiamo deciso di dargli dei soprannomi, tra cui cane, sedia, coperta&#8230; Non in base al loro carattere o al loro aspetto, ma cos\u00ec. Tipo se sto parlando di Tizio e intanto sto guardando il pavimento lui viene soprannominato pavimento.\n<\/p>\n<p>\n\tMi sono divertita tanto quest&#8217;anno. Ho legato subito, dal primo momento con le mie compagne di stanza e non. Spero di rincontrarle presto\n<\/p>\n<p>\n\tCiao Pandina<\/p>\n","protected":false},"excerpt":{"rendered":"<p>Caro diario&#8230; Purtroppo non sono riuscita a scrivere delle vacanze di Luglio entro fine mese, perch\u00e9 ero in vacanza. Perci\u00f2 ti racconter\u00f2 ora. Sono andata in vacanza due settimane senza genitori, con animatori e altri ragazzi, in Emilia Romagna, a San Piero in Bagno. La giornata della colonia che mi \u00e8 piaciuta di pi\u00f9 \u00e8 [&hellip;]<\/p>\n","protected":false},"author":202,"featured_media":0,"comment_status":"open","ping_status":"closed","sticky":false,"template":"","format":"standard","meta":{"footnotes":""},"categories":[73],"tags":[],"class_list":["post-10324","post","type-post","status-publish","format-standard","hentry","category-blog-dei-ragazzi-della-scuola-media-a-s-2020"],"_links":{"self":[{"href":"https:\/\/www.giocoscuola.it\/giornalino\/wp-json\/wp\/v2\/posts\/10324","targetHints":{"allow":["GET"]}}],"collection":[{"href":"https:\/\/www.giocoscuola.it\/giornalino\/wp-json\/wp\/v2\/posts"}],"about":[{"href":"https:\/\/www.giocoscuola.it\/giornalino\/wp-json\/wp\/v2\/types\/post"}],"author":[{"embeddable":true,"href":"https:\/\/www.giocoscuola.it\/giornalino\/wp-json\/wp\/v2\/users\/202"}],"replies":[{"embeddable":true,"href":"https:\/\/www.giocoscuola.it\/giornalino\/wp-json\/wp\/v2\/comments?post=10324"}],"version-history":[{"count":3,"href":"https:\/\/www.giocoscuola.it\/giornalino\/wp-json\/wp\/v2\/posts\/10324\/revisions"}],"predecessor-version":[{"id":10531,"href":"https:\/\/www.giocoscuola.it\/giornalino\/wp-json\/wp\/v2\/posts\/10324\/revisions\/10531"}],"wp:attachment":[{"href":"https:\/\/www.giocoscuola.it\/giornalino\/wp-json\/wp\/v2\/media?parent=10324"}],"wp:term":[{"taxonomy":"category","embeddable":true,"href":"https:\/\/www.giocoscuola.it\/giornalino\/wp-json\/wp\/v2\/categories?post=10324"},{"taxonomy":"post_tag","embeddable":true,"href":"https:\/\/www.giocoscuola.it\/giornalino\/wp-json\/wp\/v2\/tags?post=10324"}],"curies":[{"name":"wp","href":"https:\/\/api.w.org\/{rel}","templated":true}]}}