{"id":10670,"date":"2017-09-01T14:24:06","date_gmt":"2017-09-01T14:24:06","guid":{"rendered":"http:\/\/www.giocoscuola.it\/giornalino\/?p=10670"},"modified":"2017-09-01T14:24:06","modified_gmt":"2017-09-01T14:24:06","slug":"le-mie-vacanzeagosto","status":"publish","type":"post","link":"https:\/\/www.giocoscuola.it\/giornalino\/archives\/10670","title":{"rendered":"LE MIE VACANZE:AGOSTO"},"content":{"rendered":"<h2>\n\t<span style=\"font-family:comic sans ms,cursive;\">Caro diario,<\/span><br \/>\n<\/h2>\n<h2>\n\t<span style=\"font-family:comic sans ms,cursive;\">oggi sono qui per raccontarti il mio ultimo mese di vacanza.<\/span><br \/>\n<\/h2>\n<h2>\n\t<span style=\"font-family:comic sans ms,cursive;\">Dal 27 al 31 luglio ho partecipato al camp della mia societ\u00e0 di pallacanestro; \u00e8 gi\u00e0 il quinto anno che partecipo e ammetto che questo \u00e8 stato il pi\u00f9 bello. Quest&#8217;anno si \u00e8 svolto al villaggio Marzotto a&nbsp;Jesolo&nbsp;<img decoding=\"async\" alt=\"\" src=\"http:\/\/www.csivicenza.it\/img\/documenti\/482.jpg\" style=\"width: 183px; height: 117px;\" \/><\/span><br \/>\n<\/h2>\n<h2>\n\t<span style=\"font-family:comic sans ms,cursive;\">Appena arrivati abbiamo posizionato le nostre valigie sulla sala conferenze del nostro &#8220;edificio&#8221;. Circa sulle 11.00 ci hanno spiegato&nbsp; lo svolgimento delle giornate e abbiamo fatto un giro del villaggio. <\/span><br \/>\n<\/h2>\n<h2>\n\t<span style=\"font-family:comic sans ms,cursive;\">Dopo aver pranzato ci hanno assegnato le camere e poi subito allenamento insieme agli U20<\/span><img loading=\"lazy\" decoding=\"async\" alt=\"wink\" height=\"23\" src=\"http:\/\/www.giocoscuola.it\/giornalino\/wp-content\/plugins\/ckeditor-for-wordpress\/ckeditor\/plugins\/smiley\/images\/wink_smile.png\" title=\"wink\" width=\"23\" \/>&nbsp;( <span style=\"font-family:comic sans ms,cursive;\">under20 ). Finito allenamento siamo andati in piscina e verso le 20.00 abbiamo cenato.<\/span><br \/>\n<\/h2>\n<h2>\n\t<span style=\"font-family:comic sans ms,cursive;\">Le giornate si sono svolte pi\u00f9 o meno alla stessa maniera, tranne le serate in cui abbiamo fatto la caccia al tesoro, il bagno in mare e il gioco &#8220;furore&#8221;.<\/span><br \/>\n<\/h2>\n<h2>\n\t<span style=\"font-family:comic sans ms,cursive;\">L&#8217; ultimo giorno \u00e8 stato davvero brutto perch\u00e8 abbiamo dovut andar via; \u00e8 dispiaciuto a tutti perch\u00e8 siamo come una &#8220;famiglia&#8221;.<\/span><br \/>\n<\/h2>\n<h2>\n\t<span style=\"font-family:comic sans ms,cursive;\">Il resto del mese non ho fatto nulla di particolare.<\/span><br \/>\n<\/h2>\n<h2>\n\t<span style=\"font-family:comic sans ms,cursive;\">Questo \u00e8 tutto<\/span><br \/>\n<\/h2>\n<h2>\n\t<span style=\"font-family:comic sans ms,cursive;\">&nbsp;&nbsp;&nbsp;&nbsp;&nbsp;&nbsp;&nbsp;&nbsp;&nbsp;&nbsp;&nbsp;&nbsp;&nbsp;&nbsp;&nbsp;&nbsp;&nbsp;&nbsp;&nbsp;&nbsp;&nbsp;&nbsp;&nbsp;&nbsp;&nbsp;&nbsp;&nbsp;&nbsp;&nbsp;&nbsp;&nbsp;&nbsp;&nbsp;&nbsp;&nbsp;&nbsp;&nbsp;&nbsp;&nbsp;&nbsp;&nbsp;&nbsp; alla prossima<img loading=\"lazy\" decoding=\"async\" alt=\"kiss\" height=\"23\" src=\"http:\/\/www.giocoscuola.it\/giornalino\/wp-content\/plugins\/ckeditor-for-wordpress\/ckeditor\/plugins\/smiley\/images\/kiss.png\" title=\"kiss\" width=\"23\" \/><\/span><br \/>\n<\/h2>\n<h2>\n\t<span style=\"font-family:comic sans ms,cursive;\">&nbsp;&nbsp;&nbsp;&nbsp;&nbsp;&nbsp;&nbsp;&nbsp;&nbsp;&nbsp;&nbsp;&nbsp;&nbsp;&nbsp;&nbsp;&nbsp;&nbsp;&nbsp;&nbsp;&nbsp;&nbsp;&nbsp;&nbsp;&nbsp;&nbsp;&nbsp;&nbsp;&nbsp;&nbsp;&nbsp;&nbsp;&nbsp;&nbsp;&nbsp;&nbsp;&nbsp;&nbsp;&nbsp;&nbsp;&nbsp;&nbsp;&nbsp;&nbsp;&nbsp;&nbsp;&nbsp;&nbsp;&nbsp;&nbsp;&nbsp;&nbsp;&nbsp;&nbsp;&nbsp;&nbsp;&nbsp;&nbsp;&nbsp;&nbsp;&nbsp;&nbsp;&nbsp;&nbsp;&nbsp;&nbsp;&nbsp;&nbsp;&nbsp;&nbsp;&nbsp;&nbsp;Dalla tua Stella<img loading=\"lazy\" decoding=\"async\" alt=\"heart\" height=\"23\" src=\"http:\/\/www.giocoscuola.it\/giornalino\/wp-content\/plugins\/ckeditor-for-wordpress\/ckeditor\/plugins\/smiley\/images\/heart.png\" title=\"heart\" width=\"23\" \/><\/span><br \/>\n<\/h2>\n<h2>\n\t&nbsp;<br \/>\n<\/h2>\n","protected":false},"excerpt":{"rendered":"<p>Caro diario, oggi sono qui per raccontarti il mio ultimo mese di vacanza. Dal 27 al 31 luglio ho partecipato al camp della mia societ\u00e0 di pallacanestro; \u00e8 gi\u00e0 il quinto anno che partecipo e ammetto che questo \u00e8 stato il pi\u00f9 bello. Quest&#8217;anno si \u00e8 svolto al villaggio Marzotto a&nbsp;Jesolo&nbsp; Appena arrivati abbiamo posizionato [&hellip;]<\/p>\n","protected":false},"author":224,"featured_media":0,"comment_status":"open","ping_status":"closed","sticky":false,"template":"","format":"standard","meta":{"footnotes":""},"categories":[73],"tags":[],"class_list":["post-10670","post","type-post","status-publish","format-standard","hentry","category-blog-dei-ragazzi-della-scuola-media-a-s-2020"],"_links":{"self":[{"href":"https:\/\/www.giocoscuola.it\/giornalino\/wp-json\/wp\/v2\/posts\/10670","targetHints":{"allow":["GET"]}}],"collection":[{"href":"https:\/\/www.giocoscuola.it\/giornalino\/wp-json\/wp\/v2\/posts"}],"about":[{"href":"https:\/\/www.giocoscuola.it\/giornalino\/wp-json\/wp\/v2\/types\/post"}],"author":[{"embeddable":true,"href":"https:\/\/www.giocoscuola.it\/giornalino\/wp-json\/wp\/v2\/users\/224"}],"replies":[{"embeddable":true,"href":"https:\/\/www.giocoscuola.it\/giornalino\/wp-json\/wp\/v2\/comments?post=10670"}],"version-history":[{"count":4,"href":"https:\/\/www.giocoscuola.it\/giornalino\/wp-json\/wp\/v2\/posts\/10670\/revisions"}],"predecessor-version":[{"id":10675,"href":"https:\/\/www.giocoscuola.it\/giornalino\/wp-json\/wp\/v2\/posts\/10670\/revisions\/10675"}],"wp:attachment":[{"href":"https:\/\/www.giocoscuola.it\/giornalino\/wp-json\/wp\/v2\/media?parent=10670"}],"wp:term":[{"taxonomy":"category","embeddable":true,"href":"https:\/\/www.giocoscuola.it\/giornalino\/wp-json\/wp\/v2\/categories?post=10670"},{"taxonomy":"post_tag","embeddable":true,"href":"https:\/\/www.giocoscuola.it\/giornalino\/wp-json\/wp\/v2\/tags?post=10670"}],"curies":[{"name":"wp","href":"https:\/\/api.w.org\/{rel}","templated":true}]}}