{"id":10692,"date":"2017-09-03T13:32:33","date_gmt":"2017-09-03T13:32:33","guid":{"rendered":"http:\/\/www.giocoscuola.it\/giornalino\/?p=10692"},"modified":"2017-09-03T13:32:33","modified_gmt":"2017-09-03T13:32:33","slug":"le-mie-vacanze-agosto-6","status":"publish","type":"post","link":"https:\/\/www.giocoscuola.it\/giornalino\/archives\/10692","title":{"rendered":"Le mie vacanze (Agosto)"},"content":{"rendered":"<p>\n\tCaro diario,<img loading=\"lazy\" decoding=\"async\" alt=\"mail\" height=\"23\" src=\"http:\/\/www.giocoscuola.it\/giornalino\/wp-content\/plugins\/ckeditor-for-wordpress\/ckeditor\/plugins\/smiley\/images\/envelope.png\" title=\"mail\" width=\"23\" \/>&nbsp;\n<\/p>\n<p>\n\tcome ha gi\u00e0 detto Zampa, l&#8217;ultimo mezzo mese di vacanza (Settembre)&nbsp;\u00e8 cominciato e tra poco comincer\u00e0 anche la scuola&#8230;.<img decoding=\"async\" alt=\"\" src=\"http:\/\/www.giocoscuola.it\/smile\/Smile_file\/bawling.gif\" style=\"width: 21px; height: 16px;\" \/><img decoding=\"async\" alt=\"\" src=\"http:\/\/www.giocoscuola.it\/smile\/smiles07_file\/dash2.gif\" style=\"width: 31px; height: 26px;\" \/>\n<\/p>\n<p>\n\tMa ora lasciamo da parte questi pensieri del futuro e pensiamo alle cose belle che ho fatto in questo mese.\n<\/p>\n<p>\n\tPrima di tutto ti racconto del campo Scout che ho vissuto a fine Luglio. E&#8217; stata un&#8217; esperienza bellissima e molto importante; mi sono divertita moltissimo ma sono anche tristissima perch\u00e8 \u00e8 finito. So infatti che serate attorno al fuoco come quelle non ce ne saranno mai e anche ai prossimi&nbsp;campi, non ci saranno mai le serate che abbiamo vissuto a questo. Magari saranno pi\u00f9 belle, magari pi\u00f9 brutte, ma mai uguali a queste, perch\u00e8 ogni momento della tua vita \u00e8 unico e non torner\u00e0 mai.\n<\/p>\n<p>\n\tComunque mi \u00e8 piaciuto tantissimo e se potessi ripartire da quel 25 luglio (la data in cui siamo partiti) ricomincerei volentieri il campo, magari rivivendo i momenti che non sono riuscita a godermi pienamente.<img loading=\"lazy\" decoding=\"async\" alt=\"heart\" height=\"23\" src=\"http:\/\/www.giocoscuola.it\/giornalino\/wp-content\/plugins\/ckeditor-for-wordpress\/ckeditor\/plugins\/smiley\/images\/heart.png\" title=\"heart\" width=\"23\" \/>\n<\/p>\n<p>\n\tDopo il campo sono partitia per la montagna assieme alla mia famiglia, siamo andati in val Gardena e abbiamo camminato molto. Ora ti mostro alcune foto dei rifugi in cui sono stata.&nbsp;\n<\/p>\n<p>\n\t<img decoding=\"async\" alt=\"Risultati immagini per sasso lungo rifugio vicenza\" src=\"https:\/\/media-cdn.tripadvisor.com\/media\/photo-s\/02\/d6\/1e\/87\/rifugio-vicenza-al-sasolungo.jpg\" \/>&nbsp;&nbsp; &nbsp;Questo \u00e8 il rifugio Vicenza(m. 2256) , sul Sassolungo,\n<\/p>\n<p>\n\te questo dopo \u00e8 il rifugio Demetz (m. 2685) sempre sul sassolungo. nella parte destra dell&#8217;immagine, se guardate bene ,vedete sotto al rifugio, un po&#8217; spostata a sinistra una linea a zig-zag. Quello \u00e8 il sentiero che sale fino al rifugio!!!! Quando siamo arrivati alla fine di quel sentiero e ho guardato in gi\u00f9 , non immagini quanta ansia &nbsp;ho provato!!!!!&nbsp; &nbsp;\n<\/p>\n<p>\n\t&nbsp; &nbsp; &nbsp; &nbsp; &nbsp; &nbsp; &nbsp; &nbsp; &nbsp; &nbsp; &nbsp; &nbsp; &nbsp; &nbsp; &nbsp; &nbsp;<img decoding=\"async\" alt=\"Risultati immagini per sassolungo rifugio demetz\" src=\"http:\/\/www.tonidemetz.it\/daten\/bilder\/home\/foto-von-oben_granda_n.jpg\" \/> &nbsp; &nbsp; &nbsp; &nbsp; &nbsp; &nbsp; &nbsp; &nbsp; &nbsp; &nbsp; &nbsp; &nbsp; &nbsp; &nbsp; &nbsp; &nbsp; &nbsp; &nbsp; &nbsp; &nbsp; &nbsp; &nbsp; &nbsp; &nbsp; &nbsp; &nbsp; &nbsp; &nbsp; &nbsp; &nbsp; &nbsp;&nbsp;\n<\/p>\n<p>\n\t&nbsp;\n<\/p>\n<p>\n\tTornando dalla montagna sono andata diretta al campo per chierichetti a Gosaldo. Anche quella \u00e8 stata un&#8217;esperienza indimenticabile e ricca di amicizie indimenticabili!!!!!!\n<\/p>\n<p>\n\tBene, caro diario, il mio racconto \u00e8 finito,spero ti sia piaciuto!\n<\/p>\n<p>\n\ta presto,\n<\/p>\n<p>\n\tTua Panterina<img loading=\"lazy\" decoding=\"async\" alt=\"heart\" height=\"23\" src=\"http:\/\/www.giocoscuola.it\/giornalino\/wp-content\/plugins\/ckeditor-for-wordpress\/ckeditor\/plugins\/smiley\/images\/heart.png\" title=\"heart\" width=\"23\" \/><\/p>\n","protected":false},"excerpt":{"rendered":"<p>Caro diario,&nbsp; come ha gi\u00e0 detto Zampa, l&#8217;ultimo mezzo mese di vacanza (Settembre)&nbsp;\u00e8 cominciato e tra poco comincer\u00e0 anche la scuola&#8230;. Ma ora lasciamo da parte questi pensieri del futuro e pensiamo alle cose belle che ho fatto in questo mese. Prima di tutto ti racconto del campo Scout che ho vissuto a fine Luglio. [&hellip;]<\/p>\n","protected":false},"author":229,"featured_media":0,"comment_status":"open","ping_status":"closed","sticky":false,"template":"","format":"standard","meta":{"footnotes":""},"categories":[73],"tags":[],"class_list":["post-10692","post","type-post","status-publish","format-standard","hentry","category-blog-dei-ragazzi-della-scuola-media-a-s-2020"],"_links":{"self":[{"href":"https:\/\/www.giocoscuola.it\/giornalino\/wp-json\/wp\/v2\/posts\/10692","targetHints":{"allow":["GET"]}}],"collection":[{"href":"https:\/\/www.giocoscuola.it\/giornalino\/wp-json\/wp\/v2\/posts"}],"about":[{"href":"https:\/\/www.giocoscuola.it\/giornalino\/wp-json\/wp\/v2\/types\/post"}],"author":[{"embeddable":true,"href":"https:\/\/www.giocoscuola.it\/giornalino\/wp-json\/wp\/v2\/users\/229"}],"replies":[{"embeddable":true,"href":"https:\/\/www.giocoscuola.it\/giornalino\/wp-json\/wp\/v2\/comments?post=10692"}],"version-history":[{"count":1,"href":"https:\/\/www.giocoscuola.it\/giornalino\/wp-json\/wp\/v2\/posts\/10692\/revisions"}],"predecessor-version":[{"id":10695,"href":"https:\/\/www.giocoscuola.it\/giornalino\/wp-json\/wp\/v2\/posts\/10692\/revisions\/10695"}],"wp:attachment":[{"href":"https:\/\/www.giocoscuola.it\/giornalino\/wp-json\/wp\/v2\/media?parent=10692"}],"wp:term":[{"taxonomy":"category","embeddable":true,"href":"https:\/\/www.giocoscuola.it\/giornalino\/wp-json\/wp\/v2\/categories?post=10692"},{"taxonomy":"post_tag","embeddable":true,"href":"https:\/\/www.giocoscuola.it\/giornalino\/wp-json\/wp\/v2\/tags?post=10692"}],"curies":[{"name":"wp","href":"https:\/\/api.w.org\/{rel}","templated":true}]}}