{"id":7743,"date":"2017-01-30T11:55:27","date_gmt":"2017-01-30T11:55:27","guid":{"rendered":"http:\/\/www.giocoscuola.it\/giornalino\/?p=7743"},"modified":"2019-02-14T08:04:02","modified_gmt":"2019-02-14T08:04:02","slug":"il-diario-di-federer","status":"publish","type":"post","link":"https:\/\/www.giocoscuola.it\/giornalino\/archives\/7743","title":{"rendered":"IL DIARIO DI FEDERER"},"content":{"rendered":"<p>\n\t<span style=\"font-size:18px;\">Caro diario sono federer2, ho 12 anni ,sono un cane, frequento la seconda media, vivo con i miei genitori e ho un fratello che si chiama Steven e ha 5 anni. Mio pap\u00e0 \u00e8 &nbsp;grasso ha dei occhi marroni e ha i peli di colore marrone scuro, ha un naso grande e una coda&nbsp;lunga;mia mamma \u00e8 grassa, hai dei occhi neri, un naso piccolo, ha i peli di color marrone chiaro e ha le zampe bianche , \u00e8 molto severa e si arabbia facilmente( meglio non farlo arabbiare); mio fratello \u00e8 &nbsp;&nbsp;magro&nbsp;, ha gli occhi neri e un naso piccolo come quella della mia mamma, va alla scuola d&#8217; infanzia&nbsp;ed \u00e8 molto intelligente rispetto a me quando andavo all&#8217;<\/span><span style=\"font-size:18px;\"> asilo. Tocca a me:&nbsp;ho peli corti e&nbsp;neri &nbsp;ho gli occhi marroni e&nbsp;ho un naso grande .Ho tanti amici e il mio migliore amico abitava a Mira ma poi si \u00e8 trasferito a Venezia, ci parliamo spesso su Whatsapp e fa tennis(come me). A me piace tanto la musica, mi piace di pi\u00f9 suonare che cantare, ci sono tantissimi professori\\professoresse a scuola mia, secondo me il prof. di musica \u00e8 il pi\u00f9 divertente, ci fa spesso dei scherzi , a volte anche con un canzone e si chiama Berti di cognome.&nbsp;I Prof dicono che siamo la classe pi\u00f9 rumoroso al mondo, lo confermo.Nel tempo libero esco con i amici, gioco a tennis con i miei amici e gioco un po&#8217; anche con mio fratello sopratutto a nascondino oppure con il pallone, gioco al cellulare e ascolto la musica :&nbsp;la mia band preferito \u00e8 &#8220;TFboys&#8221;, ci sono 3 cantanti nel band: roy, jason e kai.Il mio preferito \u00e8 Jason.<\/span>\n<\/p>\n<p>\n\t<span style=\"font-size:18px;\">a presto. &nbsp;&nbsp; &nbsp; &nbsp; &nbsp; &nbsp;<\/span><\/p>\n","protected":false},"excerpt":{"rendered":"<p>Caro diario sono federer2, ho 12 anni ,sono un cane, frequento la seconda media, vivo con i miei genitori e ho un fratello che si chiama Steven e ha 5 anni. Mio pap\u00e0 \u00e8 &nbsp;grasso ha dei occhi marroni e ha i peli di colore marrone scuro, ha un naso grande e una coda&nbsp;lunga;mia mamma [&hellip;]<\/p>\n","protected":false},"author":226,"featured_media":0,"comment_status":"open","ping_status":"closed","sticky":false,"template":"","format":"standard","meta":{"footnotes":""},"categories":[1],"tags":[],"class_list":["post-7743","post","type-post","status-publish","format-standard","hentry","category-caro-diario"],"_links":{"self":[{"href":"https:\/\/www.giocoscuola.it\/giornalino\/wp-json\/wp\/v2\/posts\/7743","targetHints":{"allow":["GET"]}}],"collection":[{"href":"https:\/\/www.giocoscuola.it\/giornalino\/wp-json\/wp\/v2\/posts"}],"about":[{"href":"https:\/\/www.giocoscuola.it\/giornalino\/wp-json\/wp\/v2\/types\/post"}],"author":[{"embeddable":true,"href":"https:\/\/www.giocoscuola.it\/giornalino\/wp-json\/wp\/v2\/users\/226"}],"replies":[{"embeddable":true,"href":"https:\/\/www.giocoscuola.it\/giornalino\/wp-json\/wp\/v2\/comments?post=7743"}],"version-history":[{"count":5,"href":"https:\/\/www.giocoscuola.it\/giornalino\/wp-json\/wp\/v2\/posts\/7743\/revisions"}],"predecessor-version":[{"id":9206,"href":"https:\/\/www.giocoscuola.it\/giornalino\/wp-json\/wp\/v2\/posts\/7743\/revisions\/9206"}],"wp:attachment":[{"href":"https:\/\/www.giocoscuola.it\/giornalino\/wp-json\/wp\/v2\/media?parent=7743"}],"wp:term":[{"taxonomy":"category","embeddable":true,"href":"https:\/\/www.giocoscuola.it\/giornalino\/wp-json\/wp\/v2\/categories?post=7743"},{"taxonomy":"post_tag","embeddable":true,"href":"https:\/\/www.giocoscuola.it\/giornalino\/wp-json\/wp\/v2\/tags?post=7743"}],"curies":[{"name":"wp","href":"https:\/\/api.w.org\/{rel}","templated":true}]}}